
							{"id":1920,"date":"2013-07-12T09:27:42","date_gmt":"2013-07-12T09:27:42","guid":{"rendered":"http:\/\/www.lapermanente.it\/?p=1920"},"modified":"2013-07-12T10:09:08","modified_gmt":"2013-07-12T10:09:08","slug":"albrecht-durer","status":"publish","type":"post","link":"https:\/\/www.lapermanente.it\/en\/albrecht-durer\/","title":{"rendered":"Albrecht D\u00fcrer"},"content":{"rendered":"<p style=\"text-align: justify;\">Societ\u00e0 per le Belle Arti ed Esposizione Permanente presents a major prints exhibition of the German master Albrecht D\u00fcrer, an itinerary that comprises 170 engravings from the collection of the Municipality of Novara.<\/p>\n<p style=\"text-align: justify;\">The Permanente has always had a particular focus on the art of engraving and dedicated to it many exhibitions, from the very first <em>Italian Engraving<\/em> show in 1915, to <em>The Italian Etching from the 19th Century<\/em> in 1955 and to the eight editions of\u00a0 <em>Triennial of Engraving<\/em> between 1969 and 2003.<\/p>\n<p style=\"text-align: justify;\">The Italian art critic Michela Tavola presents the exhibition with the text <strong>D\u00fcrer engraver<\/strong>.<\/p>\n<p style=\"text-align: justify;\">Alongside the D\u00fcrer exhibition, Permanente presents <strong><em>The Museum tells its tale. Donations, documents, artists<\/em><\/strong><em><\/em><\/p>\n<p style=\"text-align: justify;\">Through the display of some of the most recently acquired works, but also of paintings and sculptures from donation and prizes during the second half of the last century, the historical Milanese institution gives an overview of \u00a0the way its art collection has grown during the years.<\/p>\n<p style=\"text-align: justify;\">Since its establishment, the collection increased thanks to donations from artists and art collectors \u2013 above all Giovanni Falck &#8211; and to prizes awarded during the 19<sup>th<\/sup> Century, including \u201cPremio Fornara\u201d, \u201cPremio Feltrinelli\u201d and \u201cPremio Bagutta \u2013 Orio Vergani\u201d.<\/p>\n<p style=\"text-align: justify;\">Today Permanente is also presenting to public an important group of works, from the collection of Walter Fontana, which has recently become part of the collection, with sculptures by Martini, Cascella, Consagra, Manz\u00f9, Gi\u00f2 Pomodoro, Milani, Broggini, Minguzzi, paintings by Casorati, Cassinari, Birolli and Morlotti and the grandiose \u201cTable of memory\u201d by Arnaldo Pomodoro.<\/p>\n<p style=\"text-align: justify;\">A section of the exhibition is also dedicated to the display of documents from the historical archive.<\/p>\n<p style=\"text-align: justify;\"><em><strong>Opening <\/strong><\/em><\/p>\n<p>Wednesday 3 July 2013, h 18.30<\/p>\n<p><strong>3 July \u2013 8 September 2013<\/strong><\/p>\n<p><strong>Tuesday \u2013 Sunday\u00a0 10-13; 14.30-18.30<\/strong><\/p>\n<p>Closed on 15 and 16 August 2013<\/p>\n<p><strong>Free entry<\/strong><\/p>\n","protected":false},"excerpt":{"rendered":"<p>Societ\u00e0 per le Belle Arti ed Esposizione Permanente presents a major prints exhibition of the German master Albrecht D\u00fcrer, an itinerary that comprises 170 engravings from the collection of the Municipality of Novara. The Permanente has always had a particular focus on the art of engraving and dedicated to it ","protected":false},"author":282,"featured_media":1865,"comment_status":"closed","ping_status":"closed","sticky":false,"template":"","format":"standard","meta":{"footnotes":""},"categories":[17,26,30],"tags":[],"class_list":["post-1920","post","type-post","status-publish","format-standard","has-post-thumbnail","hentry","category-events","category-planned","category-press-en-2"],"yoast_head":"<!-- This site is optimized with the Yoast SEO plugin v27.5 - https:\/\/yoast.com\/product\/yoast-seo-wordpress\/ -->\n<title>Albrecht D\u00fcrer - Societ\u00e0 per la Belle Arti ed Esposizione Permanente<\/title>\n<meta name=\"robots\" content=\"index, follow, max-snippet:-1, max-image-preview:large, max-video-preview:-1\" \/>\n<link rel=\"canonical\" href=\"https:\/\/www.lapermanente.it\/en\/albrecht-durer\/\" \/>\n<meta property=\"og:locale\" content=\"en_US\" \/>\n<meta property=\"og:type\" content=\"article\" \/>\n<meta property=\"og:title\" content=\"Albrecht D\u00fcrer - Societ\u00e0 per la Belle Arti ed Esposizione Permanente\" \/>\n<meta property=\"og:description\" content=\"Societ\u00e0 per le Belle Arti ed Esposizione Permanente presents a major prints exhibition of the German master Albrecht D\u00fcrer, an itinerary that comprises 170 engravings from the collection of the Municipality of Novara. The Permanente has always had a particular focus on the art of engraving and dedicated to it many exhibitions, from the very [&hellip;]\" \/>\n<meta property=\"og:url\" content=\"https:\/\/www.lapermanente.it\/en\/albrecht-durer\/\" \/>\n<meta property=\"og:site_name\" content=\"Societ\u00e0 per la Belle Arti ed Esposizione Permanente\" \/>\n<meta property=\"article:published_time\" content=\"2013-07-12T09:27:42+00:00\" \/>\n<meta property=\"article:modified_time\" content=\"2013-07-12T10:09:08+00:00\" \/>\n<meta property=\"og:image\" content=\"https:\/\/www.lapermanente.it\/wp-content\/uploads\/2013\/06\/La-Malinconia-Copia.jpg\" \/>\n\t<meta property=\"og:image:width\" content=\"1779\" \/>\n\t<meta property=\"og:image:height\" content=\"1798\" \/>\n\t<meta property=\"og:image:type\" content=\"image\/jpeg\" \/>\n<meta name=\"author\" content=\"colorart\" \/>\n<meta name=\"twitter:card\" content=\"summary_large_image\" \/>\n<meta name=\"twitter:label1\" content=\"Written by\" \/>\n\t<meta name=\"twitter:data1\" content=\"colorart\" \/>\n\t<meta name=\"twitter:label2\" content=\"Est. reading time\" \/>\n\t<meta name=\"twitter:data2\" content=\"1 minute\" \/>\n<script type=\"application\/ld+json\" class=\"yoast-schema-graph\">{\"@context\":\"https:\\\/\\\/schema.org\",\"@graph\":[{\"@type\":\"Article\",\"@id\":\"https:\\\/\\\/www.lapermanente.it\\\/en\\\/albrecht-durer\\\/#article\",\"isPartOf\":{\"@id\":\"https:\\\/\\\/www.lapermanente.it\\\/en\\\/albrecht-durer\\\/\"},\"author\":{\"name\":\"colorart\",\"@id\":\"https:\\\/\\\/www.lapermanente.it\\\/#\\\/schema\\\/person\\\/c72e4c5219a462df7a4890fe2252dff6\"},\"headline\":\"Albrecht D\u00fcrer\",\"datePublished\":\"2013-07-12T09:27:42+00:00\",\"dateModified\":\"2013-07-12T10:09:08+00:00\",\"mainEntityOfPage\":{\"@id\":\"https:\\\/\\\/www.lapermanente.it\\\/en\\\/albrecht-durer\\\/\"},\"wordCount\":284,\"image\":{\"@id\":\"https:\\\/\\\/www.lapermanente.it\\\/en\\\/albrecht-durer\\\/#primaryimage\"},\"thumbnailUrl\":\"https:\\\/\\\/www.lapermanente.it\\\/wp-content\\\/uploads\\\/2013\\\/06\\\/La-Malinconia-Copia.jpg\",\"articleSection\":[\"Events\",\"Planned events\",\"Press\"],\"inLanguage\":\"en-US\"},{\"@type\":\"WebPage\",\"@id\":\"https:\\\/\\\/www.lapermanente.it\\\/en\\\/albrecht-durer\\\/\",\"url\":\"https:\\\/\\\/www.lapermanente.it\\\/en\\\/albrecht-durer\\\/\",\"name\":\"Albrecht D\u00fcrer - Societ\u00e0 per la Belle Arti ed Esposizione Permanente\",\"isPartOf\":{\"@id\":\"https:\\\/\\\/www.lapermanente.it\\\/#website\"},\"primaryImageOfPage\":{\"@id\":\"https:\\\/\\\/www.lapermanente.it\\\/en\\\/albrecht-durer\\\/#primaryimage\"},\"image\":{\"@id\":\"https:\\\/\\\/www.lapermanente.it\\\/en\\\/albrecht-durer\\\/#primaryimage\"},\"thumbnailUrl\":\"https:\\\/\\\/www.lapermanente.it\\\/wp-content\\\/uploads\\\/2013\\\/06\\\/La-Malinconia-Copia.jpg\",\"datePublished\":\"2013-07-12T09:27:42+00:00\",\"dateModified\":\"2013-07-12T10:09:08+00:00\",\"author\":{\"@id\":\"https:\\\/\\\/www.lapermanente.it\\\/#\\\/schema\\\/person\\\/c72e4c5219a462df7a4890fe2252dff6\"},\"inLanguage\":\"en-US\",\"potentialAction\":[{\"@type\":\"ReadAction\",\"target\":[\"https:\\\/\\\/www.lapermanente.it\\\/en\\\/albrecht-durer\\\/\"]}]},{\"@type\":\"ImageObject\",\"inLanguage\":\"en-US\",\"@id\":\"https:\\\/\\\/www.lapermanente.it\\\/en\\\/albrecht-durer\\\/#primaryimage\",\"url\":\"https:\\\/\\\/www.lapermanente.it\\\/wp-content\\\/uploads\\\/2013\\\/06\\\/La-Malinconia-Copia.jpg\",\"contentUrl\":\"https:\\\/\\\/www.lapermanente.it\\\/wp-content\\\/uploads\\\/2013\\\/06\\\/La-Malinconia-Copia.jpg\",\"width\":\"1779\",\"height\":\"1798\",\"caption\":\"Albrecht Durer, La Malinconia (Melencolia I), 1514, bulino, 240 x 185 mm\"},{\"@type\":\"WebSite\",\"@id\":\"https:\\\/\\\/www.lapermanente.it\\\/#website\",\"url\":\"https:\\\/\\\/www.lapermanente.it\\\/\",\"name\":\"Societ\u00e0 per la Belle Arti ed Esposizione Permanente\",\"description\":\"\",\"potentialAction\":[{\"@type\":\"SearchAction\",\"target\":{\"@type\":\"EntryPoint\",\"urlTemplate\":\"https:\\\/\\\/www.lapermanente.it\\\/?s={search_term_string}\"},\"query-input\":{\"@type\":\"PropertyValueSpecification\",\"valueRequired\":true,\"valueName\":\"search_term_string\"}}],\"inLanguage\":\"en-US\"},{\"@type\":\"Person\",\"@id\":\"https:\\\/\\\/www.lapermanente.it\\\/#\\\/schema\\\/person\\\/c72e4c5219a462df7a4890fe2252dff6\",\"name\":\"colorart\",\"url\":\"https:\\\/\\\/www.lapermanente.it\\\/en\\\/author\\\/colorart\\\/\"}]}<\/script>\n<!-- \/ Yoast SEO plugin. -->","yoast_head_json":{"title":"Albrecht D\u00fcrer - Societ\u00e0 per la Belle Arti ed Esposizione Permanente","robots":{"index":"index","follow":"follow","max-snippet":"max-snippet:-1","max-image-preview":"max-image-preview:large","max-video-preview":"max-video-preview:-1"},"canonical":"https:\/\/www.lapermanente.it\/en\/albrecht-durer\/","og_locale":"en_US","og_type":"article","og_title":"Albrecht D\u00fcrer - Societ\u00e0 per la Belle Arti ed Esposizione Permanente","og_description":"Societ\u00e0 per le Belle Arti ed Esposizione Permanente presents a major prints exhibition of the German master Albrecht D\u00fcrer, an itinerary that comprises 170 engravings from the collection of the Municipality of Novara. The Permanente has always had a particular focus on the art of engraving and dedicated to it many exhibitions, from the very [&hellip;]","og_url":"https:\/\/www.lapermanente.it\/en\/albrecht-durer\/","og_site_name":"Societ\u00e0 per la Belle Arti ed Esposizione Permanente","article_published_time":"2013-07-12T09:27:42+00:00","article_modified_time":"2013-07-12T10:09:08+00:00","og_image":[{"width":1779,"height":1798,"url":"https:\/\/www.lapermanente.it\/wp-content\/uploads\/2013\/06\/La-Malinconia-Copia.jpg","type":"image\/jpeg"}],"author":"colorart","twitter_card":"summary_large_image","twitter_misc":{"Written by":"colorart","Est. reading time":"1 minute"},"schema":{"@context":"https:\/\/schema.org","@graph":[{"@type":"Article","@id":"https:\/\/www.lapermanente.it\/en\/albrecht-durer\/#article","isPartOf":{"@id":"https:\/\/www.lapermanente.it\/en\/albrecht-durer\/"},"author":{"name":"colorart","@id":"https:\/\/www.lapermanente.it\/#\/schema\/person\/c72e4c5219a462df7a4890fe2252dff6"},"headline":"Albrecht D\u00fcrer","datePublished":"2013-07-12T09:27:42+00:00","dateModified":"2013-07-12T10:09:08+00:00","mainEntityOfPage":{"@id":"https:\/\/www.lapermanente.it\/en\/albrecht-durer\/"},"wordCount":284,"image":{"@id":"https:\/\/www.lapermanente.it\/en\/albrecht-durer\/#primaryimage"},"thumbnailUrl":"https:\/\/www.lapermanente.it\/wp-content\/uploads\/2013\/06\/La-Malinconia-Copia.jpg","articleSection":["Events","Planned events","Press"],"inLanguage":"en-US"},{"@type":"WebPage","@id":"https:\/\/www.lapermanente.it\/en\/albrecht-durer\/","url":"https:\/\/www.lapermanente.it\/en\/albrecht-durer\/","name":"Albrecht D\u00fcrer - Societ\u00e0 per la Belle Arti ed Esposizione Permanente","isPartOf":{"@id":"https:\/\/www.lapermanente.it\/#website"},"primaryImageOfPage":{"@id":"https:\/\/www.lapermanente.it\/en\/albrecht-durer\/#primaryimage"},"image":{"@id":"https:\/\/www.lapermanente.it\/en\/albrecht-durer\/#primaryimage"},"thumbnailUrl":"https:\/\/www.lapermanente.it\/wp-content\/uploads\/2013\/06\/La-Malinconia-Copia.jpg","datePublished":"2013-07-12T09:27:42+00:00","dateModified":"2013-07-12T10:09:08+00:00","author":{"@id":"https:\/\/www.lapermanente.it\/#\/schema\/person\/c72e4c5219a462df7a4890fe2252dff6"},"inLanguage":"en-US","potentialAction":[{"@type":"ReadAction","target":["https:\/\/www.lapermanente.it\/en\/albrecht-durer\/"]}]},{"@type":"ImageObject","inLanguage":"en-US","@id":"https:\/\/www.lapermanente.it\/en\/albrecht-durer\/#primaryimage","url":"https:\/\/www.lapermanente.it\/wp-content\/uploads\/2013\/06\/La-Malinconia-Copia.jpg","contentUrl":"https:\/\/www.lapermanente.it\/wp-content\/uploads\/2013\/06\/La-Malinconia-Copia.jpg","width":"1779","height":"1798","caption":"Albrecht Durer, La Malinconia (Melencolia I), 1514, bulino, 240 x 185 mm"},{"@type":"WebSite","@id":"https:\/\/www.lapermanente.it\/#website","url":"https:\/\/www.lapermanente.it\/","name":"Societ\u00e0 per la Belle Arti ed Esposizione Permanente","description":"","potentialAction":[{"@type":"SearchAction","target":{"@type":"EntryPoint","urlTemplate":"https:\/\/www.lapermanente.it\/?s={search_term_string}"},"query-input":{"@type":"PropertyValueSpecification","valueRequired":true,"valueName":"search_term_string"}}],"inLanguage":"en-US"},{"@type":"Person","@id":"https:\/\/www.lapermanente.it\/#\/schema\/person\/c72e4c5219a462df7a4890fe2252dff6","name":"colorart","url":"https:\/\/www.lapermanente.it\/en\/author\/colorart\/"}]}},"_links":{"self":[{"href":"https:\/\/www.lapermanente.it\/en\/wp-json\/wp\/v2\/posts\/1920","targetHints":{"allow":["GET"]}}],"collection":[{"href":"https:\/\/www.lapermanente.it\/en\/wp-json\/wp\/v2\/posts"}],"about":[{"href":"https:\/\/www.lapermanente.it\/en\/wp-json\/wp\/v2\/types\/post"}],"author":[{"embeddable":true,"href":"https:\/\/www.lapermanente.it\/en\/wp-json\/wp\/v2\/users\/282"}],"replies":[{"embeddable":true,"href":"https:\/\/www.lapermanente.it\/en\/wp-json\/wp\/v2\/comments?post=1920"}],"version-history":[{"count":7,"href":"https:\/\/www.lapermanente.it\/en\/wp-json\/wp\/v2\/posts\/1920\/revisions"}],"predecessor-version":[{"id":1923,"href":"https:\/\/www.lapermanente.it\/en\/wp-json\/wp\/v2\/posts\/1920\/revisions\/1923"}],"wp:featuredmedia":[{"embeddable":true,"href":"https:\/\/www.lapermanente.it\/en\/wp-json\/wp\/v2\/media\/1865"}],"wp:attachment":[{"href":"https:\/\/www.lapermanente.it\/en\/wp-json\/wp\/v2\/media?parent=1920"}],"wp:term":[{"taxonomy":"category","embeddable":true,"href":"https:\/\/www.lapermanente.it\/en\/wp-json\/wp\/v2\/categories?post=1920"},{"taxonomy":"post_tag","embeddable":true,"href":"https:\/\/www.lapermanente.it\/en\/wp-json\/wp\/v2\/tags?post=1920"}],"curies":[{"name":"wp","href":"https:\/\/api.w.org\/{rel}","templated":true}]}}